{"id":688347,"date":"2026-08-27T14:16:45","date_gmt":"2026-08-27T12:16:45","guid":{"rendered":"https:\/\/www.ofen.de\/blog\/?p=688347"},"modified":"2026-08-31T10:12:01","modified_gmt":"2026-08-31T08:12:01","slug":"pelletofen-vergleich-2026","status":"publish","type":"post","link":"https:\/\/www.ofen.de\/blog\/pelletofen-vergleich.html","title":{"rendered":"Pelletofen-Vergleich 2026: 8 wasser- und luftf\u00fchrende Modelle unter der Lupe"},"content":{"rendered":"<p><strong>Pellet\u00f6fen <\/strong>sind in Deutschland weiterhin eine<strong> beliebte Heizungsalternative<\/strong> \u2013 allein 2025 verzeichnete der Deutsche Energieholz- und Pellet-Verband e. V. (DEPV) einen <strong>Zuwachs von 14 Prozent beim Verkauf von Pelletfeuerungen<\/strong>. Doch was leisten aktuelle Modelle beliebter Hersteller und worin unterscheiden sie sich? In unserem <strong>gro\u00dfen Pelletofen-Vergleich<\/strong> nehmen wir sowohl wasserf\u00fchrende als auch luftf\u00fchrende Pellet\u00f6fen \u2013 f\u00fcr unterschiedliche Anspr\u00fcche \u2013 unter die Lupe.<\/p>\n<h2>Unser Pelletofen-Vergleich auf einen Blick<\/h2>\n<ul>\n<li><strong>Wasser- oder luftf\u00fchrend:<\/strong> Von der Bauart h\u00e4ngt ab, wie Sie mit Ihrem Pelletofen heizen k\u00f6nnen.<\/li>\n<li><strong>Die passende Leistung z\u00e4hlt:<\/strong> Der tats\u00e4chliche W\u00e4rmebedarf Ihrer vier W\u00e4nde ist entscheidend f\u00fcr die Wahl der Leistungsklasse.<\/li>\n<li><strong>Hohe Wasserleistung: <\/strong>Edilkamin Milla H 15 Evo und MCZ Suite Hydro Matic 18 R geben jeweils rund 13 kW an das Heizungswasser ab.<\/li>\n<li><strong>Komfort im Hydro-Bereich: <\/strong>Cadel River Idrotech 18 kombiniert Hydrauliksatz, App-Steuerung und selbstreinigende Brennschale.<\/li>\n<li><strong>Kompakte 8-kW-Klasse: <\/strong>Extraflame Klaudia 5.0 Evo und der MCZ Ego Air Matic 8 Core R eignen sich f\u00fcr die direkte Raumbeheizung.<\/li>\n<li><strong>W\u00e4rme f\u00fcr einen weiteren Raum: <\/strong>Der kanalisierbare Edilkamin Lena 9+ Evo kann zus\u00e4tzlich einen zweiten Wohnbereich versorgen.<\/li>\n<li><strong>Besonders geringe Bautiefe: <\/strong>Der MCZ Feel Air Matic 10 Core R ist trotz 10,2 kW Leistung nur 43,3 cm tief.<\/li>\n<li><strong>Fachplanung bleibt unverzichtbar: <\/strong>Heizlast, Schornstein, Verbrennungsluftversorgung und Anschlussbedingungen m\u00fcssen vor dem Kauf gepr\u00fcft werden.<\/li>\n<\/ul>\n\n<ol>\n<li><a href=\"#_Toc238565992\">Pelletofen-Vergleich \u2013 unsere Kriterien<\/a><\/li>\n<li><a href=\"#_Toc238565993\">Welche Vorteile bieten Pellet\u00f6fen?<\/a><\/li>\n<li><a href=\"#_Toc238565994\">Wasserf\u00fchrende Pellet\u00f6fen im Vergleich<\/a><\/li>\n<li><a href=\"#_Toc238565995\">Luftf\u00fchrende Pellet\u00f6fen im Vergleich<\/a><\/li>\n<li><a href=\"#_Toc238565996\">Unser Vergleichsfazit: Welcher Pelletofen ist zu empfehlen?<\/a><\/li>\n<\/ol>\n<p><strong> <img decoding=\"async\" class=\"alignnone size-full wp-image-688364\" src=\"https:\/\/www.ofen.de\/blog\/wp-content\/uploads\/Blog_BB_Pelletofenvergleich-2026_09.jpg\" alt=\"Pelletofenverbrauch\" width=\"1200\" height=\"650\" srcset=\"https:\/\/www.ofen.de\/blog\/wp-content\/uploads\/Blog_BB_Pelletofenvergleich-2026_09.jpg 1200w, https:\/\/www.ofen.de\/blog\/wp-content\/uploads\/Blog_BB_Pelletofenvergleich-2026_09-768x416.jpg 768w\" sizes=\"(max-width: 1200px) 100vw, 1200px\" \/><\/strong><\/p>\n<h2><a name=\"_Toc238565992\"><\/a>Pelletofen-Vergleich \u2013 unsere Kriterien<\/h2>\n<p>F\u00fcr unseren Pelletofen-Vergleich betrachten wir nicht nur die <strong>Heizleistung<\/strong>. Entscheidende Kriterien beim Pelletofen-Kauf sind au\u00dferdem die <strong>W\u00e4rmeverteilung<\/strong>, der <strong>Wirkungsgrad<\/strong>, der <strong>Brennstoffverbrauch<\/strong> sowie die <strong>Gr\u00f6\u00dfe des Vorratsbeh\u00e4lters<\/strong>. Bei <a href=\"https:\/\/www.ofen.de\/pelletofen-wasserfuehrend\">wasserf\u00fchrenden Pellet\u00f6fen<\/a> ber\u00fccksichtigen wir zus\u00e4tzlich das <strong>Verh\u00e4ltnis zwischen Wasser- und Raumleistung<\/strong>.<\/p>\n<p>Auch das <strong>Design<\/strong>, der <strong>Bedienkomfort<\/strong>, m\u00f6gliche <strong>Reinigungsfunktionen<\/strong> sowie <strong>Anschlussoptionen<\/strong> sollten bei einem Vergleich im Blick behalten werden.<\/p>\n<h2><a name=\"_Toc238565993\"><\/a>Welche Vorteile bieten Pellet\u00f6fen?<\/h2>\n<p><a href=\"https:\/\/www.ofen.de\/pelletofen\">Pellet\u00f6fen<\/a> transportieren den Brennstoff automatisch aus dem Vorratsbeh\u00e4lter in den Brennraum. Dadurch lassen sich Heizleistung und Betriebszeiten komfortabel steuern.<\/p>\n<p><strong>Zu den wichtigsten Vorteilen z\u00e4hlen:<\/strong><\/p>\n<ul>\n<li>automatische Brennstoffzufuhr,<\/li>\n<li>regulierbare W\u00e4rmeleistung,<\/li>\n<li>programmierbare Heizzeiten,<\/li>\n<li>je nach Modell Steuerung per Display, Fernbedienung oder App und<\/li>\n<li>kompaktere Brennstofflagerung als bei Scheitholz.<\/li>\n<\/ul>\n<h3>Pelletofen-Vergleich: Vorteile wasserf\u00fchrender Pellet\u00f6fen<\/h3>\n<p><strong>Wasserf\u00fchrende Pellet\u00f6fen \u00fcbertragen einen gro\u00dfen Teil der erzeugten Energie auf das Heizungswasser<\/strong>. Dadurch k\u00f6nnen sie <strong>Heizk\u00f6rper oder eine Fu\u00dfbodenheizung unterst\u00fctzen<\/strong>, <strong>W\u00e4rme an einen Pufferspeicher abgeben<\/strong> und mit weiteren W\u00e4rmeerzeugern kombiniert werden.<\/p>\n<div class=\"alert alert-danger\"><strong>Wichtig:<\/strong> Die Einbindung eines wasserf\u00fchrenden Pelletofens in das Heizsystem erfordert eine fachgerechte Planung und Installation.<\/div>\n\n<h3>Pelletofen-Vergleich: Vorteile luftf\u00fchrender Pellet\u00f6fen<\/h3>\n<p>Luftf\u00fchrende Modelle <strong>geben die erzeugte W\u00e4rme direkt an den Aufstellraum ab<\/strong>. Ein <strong>Gebl\u00e4se sorgt f\u00fcr eine schnelle W\u00e4rmeverteilung<\/strong>. Ihre Installation ist in der Regel weniger aufwendig als bei wasserf\u00fchrenden Ger\u00e4ten.<\/p>\n<div class=\"alert alert-success\"><strong>Schon gewusst?<\/strong> <a href=\"https:\/\/www.ofen.de\/pelletofen-kanalisierbar\">Kanalisierbare Pellet\u00f6fen<\/a> k\u00f6nnen einen Teil der Warmluft \u00fcber Leitungen in einen weiteren Raum f\u00fchren. Damit eignen sie sich f\u00fcr Haushalte, die mehrere Wohnbereiche mit einem Ger\u00e4t beheizen m\u00f6chten.<\/div>\n\n<h2><a name=\"_Toc238565994\"><\/a>Wasserf\u00fchrende Pellet\u00f6fen im Vergleich<\/h2>\n<p>F\u00fcr unseren Vergleich wasserf\u00fchrender Pellet\u00f6fen haben wir <strong>vier Ger\u00e4te mit Leistungen im Bereich zwischen 14 und 18 kW<\/strong> ausgew\u00e4hlt. Die Gegen\u00fcberstellung umfasst dabei sowohl Pelletofen-Hersteller-Marktf\u00fchrer <a href=\"https:\/\/www.ofen.de\/mcz\">MCZ<\/a> als auch aufstrebende Marken wie <a href=\"https:\/\/www.ofen.de\/cadel\">Cadel<\/a>.<\/p>\n<h3>Edilkamin Milla H 15 Evo<\/h3>\n<img decoding=\"async\" class=\"alignnone size-full wp-image-688349\" src=\"https:\/\/www.ofen.de\/blog\/wp-content\/uploads\/Blog_BB_Pelletofenvergleich-2026_01.jpg\" alt=\"Pelletofen wasserf\u00fchrend Edilkamin Milla H 12\" width=\"1200\" height=\"650\" srcset=\"https:\/\/www.ofen.de\/blog\/wp-content\/uploads\/Blog_BB_Pelletofenvergleich-2026_01.jpg 1200w, https:\/\/www.ofen.de\/blog\/wp-content\/uploads\/Blog_BB_Pelletofenvergleich-2026_01-768x416.jpg 768w\" sizes=\"(max-width: 1200px) 100vw, 1200px\" \/>\n<p>Der <strong>Edilkamin Milla H 15 Evo leitet einen besonders gro\u00dfen Teil seiner erzeugten W\u00e4rme an das Heizungswasser weiter<\/strong>. Das Warmluftgebl\u00e4se ist modulierbar und l\u00e4sst sich deaktivieren, um die direkte Erw\u00e4rmung des Aufstellraums zu begrenzen. Somit kann der wasserf\u00fchrende Pelletofen Milla H 15 Evo von <a href=\"https:\/\/www.ofen.de\/edilkamin\/pelletofen\">Edilkamin<\/a> \u00fcber das angeschlossene Heizsystem W\u00e4rme an mehrere R\u00e4ume verteilen.<\/p>\n<p>Zur Ausstattung geh\u00f6ren die <strong>automatische Verbrennungsregelung Leonardo<\/strong>, <strong>Zeitprogramme<\/strong>, ein <strong>Pellet-F\u00fcllstandsensor<\/strong> und <strong>integriertes WLAN<\/strong>. So k\u00f6nnen Sie Ihren <strong>Pelletofen in hohem Ma\u00dfe automatisiert betreiben<\/strong>. Die wichtigsten Bauteile f\u00fcr die Einbindung in das Heizsystem \u2013 darunter Umw\u00e4lzpumpe, Ausdehnungsgef\u00e4\u00df und \u00dcberdruckventil \u2013 sind bereits im Ofen enthalten.<\/p>\n<h3>St\u00e4rken<\/h3>\n<ul>\n<li>hoher Anteil der Wasserleistung<\/li>\n<li>abschaltbares Warmluftgebl\u00e4se<\/li>\n<li>integrierter Hydraulikbausatz<\/li>\n<li>WLAN-Steuerung<\/li>\n<li>Pellet-F\u00fcllstandsensor<\/li>\n<\/ul>\n<h4>Luft nach oben<\/h4>\n<p>Der Pelletbeh\u00e4lter ist kleiner als bei anderen wasserf\u00fchrenden Modellen.<\/p>\n<h4>Technische Daten<\/h4>\n<table>\n<tbody>\n<tr>\n<td width=\"302\"><strong>Merkmal<\/strong><\/td>\n<td width=\"302\"><strong>Edilkamin Milla H 15 Evo<\/strong><\/td>\n<\/tr>\n<tr>\n<td width=\"302\">Nutzleistung<\/td>\n<td width=\"302\">5\u201314,9 kW<\/td>\n<\/tr>\n<tr>\n<td width=\"302\">maximale Wasserleistung<\/td>\n<td width=\"302\">13 kW<\/td>\n<\/tr>\n<tr>\n<td width=\"302\">Wirkungsgrad<\/td>\n<td width=\"302\">90 %<\/td>\n<\/tr>\n<tr>\n<td width=\"302\">Pelletverbrauch<\/td>\n<td width=\"302\">1,1\u20133,4 kg\/h<\/td>\n<\/tr>\n<tr>\n<td width=\"302\">Pelletbeh\u00e4lter<\/td>\n<td width=\"302\">24 kg<\/td>\n<\/tr>\n<tr>\n<td width=\"302\">Betriebsdauer<\/td>\n<td width=\"302\">7\u201322 h<\/td>\n<\/tr>\n<tr>\n<td width=\"302\">Ma\u00dfe B \u00d7 H \u00d7 T<\/td>\n<td width=\"302\">52 \u00d7 110 \u00d7 56 cm<\/td>\n<\/tr>\n<tr>\n<td width=\"302\">Gewicht<\/td>\n<td width=\"302\">189 kg<\/td>\n<\/tr>\n<tr>\n<td width=\"302\">WLAN<\/td>\n<td width=\"302\">serienm\u00e4\u00dfig<\/td>\n<\/tr>\n<tr>\n<td width=\"302\">W\u00e4rmeverteilung<\/td>\n<td width=\"302\">wasserf\u00fchrend, Warmluftgebl\u00e4se abschaltbar<\/td>\n<\/tr>\n<\/tbody>\n<\/table>\n<p><em>Hinweis: Alle Angaben laut Hersteller. Zum <a href=\"https:\/\/www.ofen.de\/media\/f2\/f1\/43\/1784701953\/anleitung_gebrauch_2797_1784701953.pdf\">Hersteller-Anleitung<\/a>.<\/em><\/p>\n<h3>Extraflame Costanza Idro 5.0<\/h3>\n<img decoding=\"async\" class=\"alignnone size-full wp-image-688350\" src=\"https:\/\/www.ofen.de\/blog\/wp-content\/uploads\/Blog_BB_Pelletofenvergleich-2026_02.jpg\" alt=\"Pelletofen wasserf\u00fchrend Extraflame Costanza Idro 5.0\" width=\"1200\" height=\"650\" srcset=\"https:\/\/www.ofen.de\/blog\/wp-content\/uploads\/Blog_BB_Pelletofenvergleich-2026_02.jpg 1200w, https:\/\/www.ofen.de\/blog\/wp-content\/uploads\/Blog_BB_Pelletofenvergleich-2026_02-768x416.jpg 768w\" sizes=\"(max-width: 1200px) 100vw, 1200px\" \/>\n<p>Der wasserf\u00fchrende Pelletofen Extraflame Costanza Idro 5.0 \u00fcbertr\u00e4gt nicht nur Energie auf das Heizungswasser, sondern <strong>versorgt den Aufstellraum zus\u00e4tzlich \u00fcber ein eigenes Luftgebl\u00e4se mit W\u00e4rme<\/strong>. Bei Bedarf k\u00f6nnen Sie das Gebl\u00e4se jedoch jederzeit abschalten. Die keramische Z\u00fcndung und WLAN-Konnektivit\u00e4t erm\u00f6glichen einen komfortablen Betrieb. Zu den Ausstattungshighlights z\u00e4hlt die <strong>raumluftunabh\u00e4ngige Brennkammer<\/strong>, die den Extraflame Costanza Idro 5.0 <strong>f\u00fcr den Einbau in Niedrigenergie- und Passivh\u00e4usern pr\u00e4destiniert<\/strong>.<\/p>\n<p>Wichtige Bauteile f\u00fcr den Anschluss an das Heizsystem, darunter Umw\u00e4lzpumpe, Ausdehnungsgef\u00e4\u00df, Sicherheitsventil und Entl\u00fcftung, sind bereits enthalten. Das vereinfacht die Planung und reduziert den Bedarf an externen Komponenten, die der Installateur ben\u00f6tigt.<\/p>\n<h4>St\u00e4rken<\/h4>\n<ul>\n<li>gute Versorgung des Aufstellraums<\/li>\n<li>abschaltbare Rauml\u00fcftung<\/li>\n<li>umfangreiche Hydraulikausstattung<\/li>\n<li>integriertes WLAN<\/li>\n<li><a href=\"https:\/\/www.ofen.de\/pelletofen-raumluftunabhaengig\">raumluftunabh\u00e4ngiger Pelletofen<\/a><\/li>\n<\/ul>\n<h4>Luft nach oben<\/h4>\n<p>Der vergleichsweise hohe Raumw\u00e4rmeanteil muss bei kleinen Aufstellr\u00e4umen ber\u00fccksichtigt werden.<\/p>\n<h4>Technische Daten<\/h4>\n<table>\n<tbody>\n<tr>\n<td width=\"302\"><strong>Merkmal<\/strong><\/td>\n<td width=\"302\"><strong>Extraflame Costanza Idro 5.0<\/strong><\/td>\n<\/tr>\n<tr>\n<td width=\"302\">Nutzleistung<\/td>\n<td width=\"302\">4,8\u201316 kW<\/td>\n<\/tr>\n<tr>\n<td width=\"302\">Wasserleistung<\/td>\n<td width=\"302\">3,3\u201312 kW<\/td>\n<\/tr>\n<tr>\n<td width=\"302\">Raumleistung<\/td>\n<td width=\"302\">1,5\u20134 kW<\/td>\n<\/tr>\n<tr>\n<td width=\"302\">Wirkungsgrad<\/td>\n<td width=\"302\">90\u201391 %<\/td>\n<\/tr>\n<tr>\n<td width=\"302\">Pelletverbrauch<\/td>\n<td width=\"302\">1,1\u20133,6 kg\/h<\/td>\n<\/tr>\n<tr>\n<td width=\"302\">Pelletbeh\u00e4lter<\/td>\n<td width=\"302\">27 kg<\/td>\n<\/tr>\n<tr>\n<td width=\"302\">Ma\u00dfe B \u00d7 H \u00d7 T<\/td>\n<td width=\"302\">49,5 \u00d7 115,2 \u00d7 62,8 cm<\/td>\n<\/tr>\n<tr>\n<td width=\"302\">Gewicht<\/td>\n<td width=\"302\">165 kg<\/td>\n<\/tr>\n<tr>\n<td width=\"302\">WLAN<\/td>\n<td width=\"302\">serienm\u00e4\u00dfig<\/td>\n<\/tr>\n<tr>\n<td width=\"302\">W\u00e4rmeverteilung<\/td>\n<td width=\"302\">wasserf\u00fchrend mit abschaltbarer Rauml\u00fcftung<\/td>\n<\/tr>\n<\/tbody>\n<\/table>\n<p><em>Hinweis: Alle Angaben laut Hersteller. Zum <a href=\"https:\/\/www.ofen.de\/media\/88\/69\/f3\/1778150223\/PDB-extraflame-costanza-idro-5-0-16-kw.pdf?ts=1778150223\">Hersteller-Produktdatenblatt<\/a>.<\/em><\/p>\n<h3>Cadel River Idrotech 18<\/h3>\n<img decoding=\"async\" class=\"alignnone size-full wp-image-688351\" src=\"https:\/\/www.ofen.de\/blog\/wp-content\/uploads\/Blog_BB_Pelletofenvergleich-2026_03.jpg\" alt=\"Wasserf\u00fchrender Pelletofen Cadel River Idrotech 18\" width=\"1200\" height=\"650\" srcset=\"https:\/\/www.ofen.de\/blog\/wp-content\/uploads\/Blog_BB_Pelletofenvergleich-2026_03.jpg 1200w, https:\/\/www.ofen.de\/blog\/wp-content\/uploads\/Blog_BB_Pelletofenvergleich-2026_03-768x416.jpg 768w\" sizes=\"(max-width: 1200px) 100vw, 1200px\" \/>\n<p>Der Cadel River Idrotech 18 heizt mit einem hohen Wirkungsgrad. Der <strong>weitgehend automatisierte Betrieb erleichtert Ihnen die Nutzung im Alltag<\/strong>, w\u00e4hrend die bereits eingebauten Komponenten f\u00fcr den Anschluss an das Heizsystem die Installation vereinfachen.<\/p>\n<p>Hinzu kommen eine <strong>hermetische Brennkammer<\/strong>, die <strong>keramische GoFast-Z\u00fcndung<\/strong> und eine <strong>selbstreinigende Brennschale<\/strong>. WLAN und Bluetooth f\u00fcr die App-Steuerung sind ebenfalls integriert. Damit legt der <a href=\"https:\/\/www.ofen.de\/cadel\/pelletofen\">Cadel-Pelletofen<\/a> einen deutlichen <strong>Schwerpunkt auf eine komfortable Bedienung und einen m\u00f6glichst geringen Reinigungsaufwand<\/strong>.<\/p>\n<h4>St\u00e4rken<\/h4>\n<ul>\n<li>selbstreinigende Brennschale<\/li>\n<li>Hydrauliksatz serienm\u00e4\u00dfig<\/li>\n<li>WLAN und Bluetooth<\/li>\n<li>keramische Schnellz\u00fcndung<\/li>\n<li>hermetische Brennkammer<\/li>\n<\/ul>\n<h4>Luft nach oben<\/h4>\n<p>Der Rauchrohranschluss ist ausschlie\u00dflich an der R\u00fcckseite vorgesehen.<\/p>\n<h4>Technische Daten<\/h4>\n<table>\n<tbody>\n<tr>\n<td width=\"302\"><strong>Merkmal<\/strong><\/td>\n<td width=\"302\"><strong>Cadel River Idrotech 18<\/strong><\/td>\n<\/tr>\n<tr>\n<td width=\"302\">Nutzleistung<\/td>\n<td width=\"302\">4,4\u201317,7 kW<\/td>\n<\/tr>\n<tr>\n<td width=\"302\">Wasserleistung<\/td>\n<td width=\"302\">2,3\u201312,7 kW<\/td>\n<\/tr>\n<tr>\n<td width=\"302\">Wirkungsgrad<\/td>\n<td width=\"302\">94,8\u201395,9 %<\/td>\n<\/tr>\n<tr>\n<td width=\"302\">Pelletverbrauch<\/td>\n<td width=\"302\">1\u20133,9 kg\/h<\/td>\n<\/tr>\n<tr>\n<td width=\"302\">Pelletbeh\u00e4lter<\/td>\n<td width=\"302\">24 kg<\/td>\n<\/tr>\n<tr>\n<td width=\"302\">Betriebsdauer<\/td>\n<td width=\"302\">6\u201324 h<\/td>\n<\/tr>\n<tr>\n<td width=\"302\">Gewicht<\/td>\n<td width=\"302\">136 kg<\/td>\n<\/tr>\n<tr>\n<td width=\"302\">WLAN und Bluetooth<\/td>\n<td width=\"302\">serienm\u00e4\u00dfig<\/td>\n<\/tr>\n<tr>\n<td width=\"302\">Hydrauliksatz<\/td>\n<td width=\"302\">serienm\u00e4\u00dfig<\/td>\n<\/tr>\n<tr>\n<td width=\"302\">W\u00e4rmeverteilung<\/td>\n<td width=\"302\">wasserf\u00fchrend und bel\u00fcftet<\/td>\n<\/tr>\n<\/tbody>\n<\/table>\n<p><em>Hinweis: Alle Angaben laut Hersteller. <a href=\"https:\/\/www.ofen.de\/media\/ec\/15\/d0\/1715118418\/eupdb-cadel-river-idrotech-18.pdf\">Zum Hersteller-Produktdatenblatt.<\/a><\/em><\/p>\n<h3>MCZ Suite Hydro Matic 18 R<\/h3>\n<img decoding=\"async\" class=\"alignnone size-full wp-image-688352\" src=\"https:\/\/www.ofen.de\/blog\/wp-content\/uploads\/Blog_BB_Pelletofenvergleich-2026_04.jpg\" alt=\"Pelletofen MCZ Suite Hydro Matic 18 R\" width=\"1200\" height=\"650\" srcset=\"https:\/\/www.ofen.de\/blog\/wp-content\/uploads\/Blog_BB_Pelletofenvergleich-2026_04.jpg 1200w, https:\/\/www.ofen.de\/blog\/wp-content\/uploads\/Blog_BB_Pelletofenvergleich-2026_04-768x416.jpg 768w\" sizes=\"(max-width: 1200px) 100vw, 1200px\" \/>\n<p>Der Suite Hydro Matic 18 R ist ein <a href=\"https:\/\/www.ofen.de\/mcz\/mcz-wasserfuehrender-pelletofen\">wasserf\u00fchrender Pelletofen von MCZ<\/a> und <strong>verbindet eine hohe Wasserleistung mit der Steuerungsplattform Maestro+<\/strong>. WLAN und Bluetooth erm\u00f6glichen die Bedienung per Smartphone \u2013 zus\u00e4tzlich k\u00f6nnen Sie das Ger\u00e4t \u00fcber eine versenkbare Bedienblende steuern.<\/p>\n<p>Eine keramische Z\u00fcndung verk\u00fcrzt den Startvorgang. Die selbstreinigende Brennschale reduziert den regelm\u00e4\u00dfigen manuellen Pflegeaufwand, ersetzt aber nicht die vorgeschriebenen Reinigungs- und Wartungsarbeiten. <strong>Nutzer mit h\u00f6herem Leistungsbedarf, die Wert auf Komfortfunktionen und ein klassisches Ofendesign<\/strong> legen, finden im MCZ Suite Hydro Matic 18 R eine ausgezeichnete Option.<\/p>\n<h4>St\u00e4rken<\/h4>\n<ul>\n<li>hohe Gesamt- und Wasserleistung<\/li>\n<li>hoher Wirkungsgrad<\/li>\n<li>selbstreinigende Brennschale<\/li>\n<li>WLAN und Bluetooth<\/li>\n<li>keramische Schnellz\u00fcndung<\/li>\n<\/ul>\n<h4>Luft nach oben<\/h4>\n<p>Die Leistung des MCZ Suite Hydro Matic 18 R muss sorgf\u00e4ltig auf den W\u00e4rmebedarf und die Heizungsanlage abgestimmt werden.<\/p>\n<h4>Technische Daten<\/h4>\n<table>\n<tbody>\n<tr>\n<td width=\"302\"><strong>Merkmal<\/strong><\/td>\n<td width=\"302\"><strong>MCZ Suite Hydro Matic 18 R<\/strong><\/td>\n<\/tr>\n<tr>\n<td width=\"302\">Nutzleistung<\/td>\n<td width=\"302\">4,9\u201318 kW<\/td>\n<\/tr>\n<tr>\n<td width=\"302\">Wasserleistung<\/td>\n<td width=\"302\">3,1\u201313,2 kW<\/td>\n<\/tr>\n<tr>\n<td width=\"302\">Wirkungsgrad<\/td>\n<td width=\"302\">92,8\u201394,3 %<\/td>\n<\/tr>\n<tr>\n<td width=\"302\">Pelletverbrauch<\/td>\n<td width=\"302\">1,1\u20134 kg\/h<\/td>\n<\/tr>\n<tr>\n<td width=\"302\">Pelletbeh\u00e4lter<\/td>\n<td width=\"302\">26 kg<\/td>\n<\/tr>\n<tr>\n<td width=\"302\">Betriebsdauer<\/td>\n<td width=\"302\">6\u201324 h<\/td>\n<\/tr>\n<tr>\n<td width=\"302\">Ma\u00dfe B \u00d7 H \u00d7 T<\/td>\n<td width=\"302\">56 \u00d7 115,1 \u00d7 55,4 cm<\/td>\n<\/tr>\n<tr>\n<td width=\"302\">Gewicht<\/td>\n<td width=\"302\">197 kg<\/td>\n<\/tr>\n<tr>\n<td width=\"302\">WLAN und Bluetooth<\/td>\n<td width=\"302\">serienm\u00e4\u00dfig<\/td>\n<\/tr>\n<tr>\n<td width=\"302\">W\u00e4rmeverteilung<\/td>\n<td width=\"302\">wasserf\u00fchrend<\/td>\n<\/tr>\n<\/tbody>\n<\/table>\n<p><em>Hinweis: Alle Angaben laut Hersteller. Zum <a href=\"https:\/\/www.ofen.de\/media\/bc\/7d\/93\/1715118398\/pdb-mcz-suite-hydromatic-18-m2.pdf\">Hersteller-Produktdatenblatt.<\/a><\/em><\/p>\n<h3>Wasserf\u00fchrende Pellet\u00f6fen \u2013 die Vergleichsmodelle auf einen Blick<\/h3>\n<table>\n<tbody>\n<tr>\n<td width=\"117\"><strong>Modell<\/strong><\/td>\n<td width=\"113\"><a href=\"https:\/\/www.ofen.de\/pelletofen-wasserfuehrend-edilkamin-milla-h-15-evo\">Edilkamin Milla H 15 Evo<\/a><\/td>\n<td width=\"113\"><a href=\"https:\/\/www.ofen.de\/pelletofen-wasserfuehrend-costanza-idro-5-0-16-kw\">Extraflame Costanza Idro 5.0<\/a><\/td>\n<td width=\"114\"><a href=\"https:\/\/www.ofen.de\/pelletofen-cadel-river-idrotech-18\">Cadel River Idrotech 18<\/a><\/td>\n<td width=\"147\"><a href=\"https:\/\/www.ofen.de\/pelletofen-wasserfuehrend-mcz-suite-hydromatic-18-m2-plus\">MCZ Suite Hydro Matic 18 R<\/a><\/td>\n<\/tr>\n<tr>\n<td width=\"117\"><strong>Nutzleistung<\/strong><\/td>\n<td width=\"113\">5\u201314,9 kW<\/td>\n<td width=\"113\">4,8\u201316 kW<\/td>\n<td width=\"114\">4,4\u201317,7 kW<\/td>\n<td width=\"147\">4,9\u201318 kW<\/td>\n<\/tr>\n<tr>\n<td width=\"117\"><strong>Wasserleistung<\/strong><\/td>\n<td width=\"113\">max. 13 kW<\/td>\n<td width=\"113\">3,3\u201312 kW<\/td>\n<td width=\"114\">2,3\u201312,7 kW<\/td>\n<td width=\"147\">3,1\u201313,2 kW<\/td>\n<\/tr>\n<tr>\n<td width=\"117\"><strong>Wirkungsgrad<\/strong><\/td>\n<td width=\"113\">90 %<\/td>\n<td width=\"113\">90\u201391 %<\/td>\n<td width=\"114\">94,8\u201395,9 %<\/td>\n<td width=\"147\">92,8\u201394,3 %<\/td>\n<\/tr>\n<tr>\n<td width=\"117\"><strong>Pelletbeh\u00e4lter<\/strong><\/td>\n<td width=\"113\">24 kg<\/td>\n<td width=\"113\">ca. 27 kg<\/td>\n<td width=\"114\">24 kg<\/td>\n<td width=\"147\">26 kg<\/td>\n<\/tr>\n<tr>\n<td width=\"117\"><strong>Pelletverbrauch<\/strong><\/td>\n<td width=\"113\">1,1\u20133,4 kg\/h<\/td>\n<td width=\"113\">1,1\u20133,6 kg\/h<\/td>\n<td width=\"114\">1\u20133,9 kg\/h<\/td>\n<td width=\"147\">1,1\u20134 kg\/h<\/td>\n<\/tr>\n<tr>\n<td width=\"117\"><strong>Besonderheit<\/strong><\/td>\n<td width=\"113\">hoher Wasseranteil<\/td>\n<td width=\"113\">abschaltbare Rauml\u00fcftung<\/td>\n<td width=\"114\">Autoclean und Hydrauliksatz<\/td>\n<td width=\"147\">hoher Automatisierungsgrad<\/td>\n<\/tr>\n<tr>\n<td width=\"117\"><strong>UVP*<\/strong><\/td>\n<td width=\"113\">ca. 4.800 \u20ac<\/td>\n<td width=\"113\">ca. 4.800 \u20ac<\/td>\n<td width=\"114\">ca. 6.500 \u20ac<\/td>\n<td width=\"147\">ca. 5.800 \u20ac<\/td>\n<\/tr>\n<\/tbody>\n<\/table>\n<p><em>Hinweis: Alle Angaben laut Hersteller.<\/em><br \/>\n<em><strong>*<\/strong> Bei den Angaben handelt es sich um Hersteller-UVP, die sich \u00e4ndern k\u00f6nnen. Auch die Preise in unserem Shop k\u00f6nnen deutlich g\u00fcnstiger ausfallen.<\/em><\/p>\n<div class=\"alert alert-success\"><strong>Schon gewusst? <\/strong>Wasserf\u00fchrende Pellet\u00f6fen k\u00f6nnen unter Umst\u00e4nden f\u00f6rderf\u00e4hig sein. Mehr Informationen finden Sie in unserem <a href=\"https:\/\/www.ofen.de\/blog\/kfw-foerderung-gebaeudeenergiegesetz-dank-heizungsfoerderung.html\">Ratgeber zur Kaminofen-F\u00f6rderung<\/a>.<\/div>\n\n<h2><a name=\"_Toc238565995\"><\/a>Luftf\u00fchrende Pellet\u00f6fen im Vergleich<\/h2>\n<p>Unsere Auswahl von vier luftf\u00fchrenden Ger\u00e4ten deckt unterschiedliche Anforderungen ab: vom <strong>klassischen Raumheizer<\/strong> \u00fcber ein <strong>kanalisierbares Modell<\/strong> bis zum flachen<strong> Pelletofen mit gro\u00dfem Brennstoffvorrat<\/strong>.<\/p>\n<h3>Extraflame Klaudia 5.0 Evo<\/h3>\n<img decoding=\"async\" class=\"alignnone size-full wp-image-688355\" src=\"https:\/\/www.ofen.de\/blog\/wp-content\/uploads\/Blog_BB_Pelletofenvergleich-2026_05.jpg\" alt=\"Pelletofen Extraflame Klaudia\" width=\"1200\" height=\"650\" srcset=\"https:\/\/www.ofen.de\/blog\/wp-content\/uploads\/Blog_BB_Pelletofenvergleich-2026_05.jpg 1200w, https:\/\/www.ofen.de\/blog\/wp-content\/uploads\/Blog_BB_Pelletofenvergleich-2026_05-768x416.jpg 768w\" sizes=\"(max-width: 1200px) 100vw, 1200px\" \/>\n<p>Der <strong>Extraflame Klaudia 5.0 Evo konzentriert sich auf die Beheizung des Aufstellraums<\/strong>. Die erzeugte Warmluft tritt vorne aus, w\u00e4hrend Sie das <strong>Rauchrohr sowohl oben oder hinten anschlie\u00dfen<\/strong> k\u00f6nnen. Der Feuerraum, die Feuert\u00fcr und die Brennschale bestehen aus Gusseisen.<\/p>\n<p>Erg\u00e4nzt wird die Ausstattung durch eine <strong>keramische Z\u00fcndung<\/strong>, die <strong>Verbrennungsregelung FPC Plus<\/strong> sowie <strong>unterschiedliche L\u00fcftungseinstellungen<\/strong>. Die Erweiterung mit einem WLAN-Modul ist optional. Wenn Sie einen klassischen Raumheizer ohne Schnickschnack suchen, treffen Sie mit dem Extraflame Klaudia 5.0 Evo eine gute Wahl.<\/p>\n<h4>St\u00e4rken<\/h4>\n<ul>\n<li>Bauteile aus Gusseisen<\/li>\n<li>keramische Z\u00fcndung<\/li>\n<li>flexibler Rauchrohranschluss<\/li>\n<li>unkompliziertes Raumheizkonzept<\/li>\n<\/ul>\n<h4>Luft nach oben<\/h4>\n<p>Der Extraflame Klaudia 5.0 Evo besitzt den kleinsten Pelletbeh\u00e4lter unseres Vergleichs.<\/p>\n<h4>Technische Daten<\/h4>\n<table>\n<tbody>\n<tr>\n<td width=\"302\"><strong>Merkmal<\/strong><\/td>\n<td width=\"302\"><strong>Extraflame Klaudia 5.0 Evo<\/strong><\/td>\n<\/tr>\n<tr>\n<td width=\"302\">Nutzleistung<\/td>\n<td width=\"302\">3\u20138 kW<\/td>\n<\/tr>\n<tr>\n<td width=\"302\">Wirkungsgrad<\/td>\n<td width=\"302\">92 %<\/td>\n<\/tr>\n<tr>\n<td width=\"302\">Pelletverbrauch<\/td>\n<td width=\"302\">0,7\u20131,8 kg\/h<\/td>\n<\/tr>\n<tr>\n<td width=\"302\">Pelletbeh\u00e4lter<\/td>\n<td width=\"302\">15 kg<\/td>\n<\/tr>\n<tr>\n<td width=\"302\">Betriebsdauer<\/td>\n<td width=\"302\">k. A.<\/td>\n<\/tr>\n<tr>\n<td width=\"302\">Ma\u00dfe B \u00d7 H \u00d7 T<\/td>\n<td width=\"302\">49,8 \u00d7 101,7 \u00d7 57,5 cm<\/td>\n<\/tr>\n<tr>\n<td width=\"302\">Gewicht<\/td>\n<td width=\"302\">101 kg<\/td>\n<\/tr>\n<tr>\n<td width=\"302\">WLAN<\/td>\n<td width=\"302\">optional<\/td>\n<\/tr>\n<tr>\n<td width=\"302\">Rauchrohranschluss<\/td>\n<td width=\"302\">oben oder hinten<\/td>\n<\/tr>\n<\/tbody>\n<\/table>\n<p><em>Hinweis: Alle Angaben laut Hersteller. Zum <a href=\"https:\/\/www.ofen.de\/media\/40\/87\/3a\/1770123120\/datenblatt_produkt_1860_1770123120.pdf\">Hersteller-Produktdatenblatt<\/a>.<\/em><\/p>\n<h3>MCZ Ego Air Matic 8 Core R<\/h3>\n<img decoding=\"async\" class=\"alignnone size-full wp-image-688356\" src=\"https:\/\/www.ofen.de\/blog\/wp-content\/uploads\/Blog_BB_Pelletofenvergleich-2026_06.jpg\" alt=\"Pelletofen MCZ Ego Air Matic 8 Core R\" width=\"1200\" height=\"650\" srcset=\"https:\/\/www.ofen.de\/blog\/wp-content\/uploads\/Blog_BB_Pelletofenvergleich-2026_06.jpg 1200w, https:\/\/www.ofen.de\/blog\/wp-content\/uploads\/Blog_BB_Pelletofenvergleich-2026_06-768x416.jpg 768w\" sizes=\"(max-width: 1200px) 100vw, 1200px\" \/>\n<p>Der Ego Air Matic 8 Core R verbindet einen hohen Wirkungsgrad und niedrige Emissionen dank <strong>Core-Verbrennungstechnik<\/strong> mit einer <strong>selbstreinigenden Brennschale<\/strong> und der <strong>Steuerungsplattform Maestro+<\/strong>. Die <strong>\u00dcberwachung und Bedienung ist per App via WLAN und Bluetooth<\/strong> <strong>m\u00f6glich<\/strong>. Die R-Ausf\u00fchrung besitzt einen r\u00fcckseitigen Rauchgasanschluss.<\/p>\n<p>Seine <strong>geringe Mindestleistung<\/strong> erleichtert die Anpassung an einen niedrigeren W\u00e4rmebedarf. Wenn Sie einen kompakten Pelletofen mit breitem Modulationsbereich und hochgradiger Automatisierung suchen, dann haben Sie mit dem Ego Air Matic 8 Core R ein passendes Modell gefunden.<\/p>\n<h4>St\u00e4rken<\/h4>\n<ul>\n<li>geringe Mindestleistung<\/li>\n<li>Core-Verbrennungstechnik<\/li>\n<li>selbstreinigende Brennschale<\/li>\n<li>WLAN und Bluetooth<\/li>\n<li>kompakte Bauform<\/li>\n<\/ul>\n<h4>Luft nach oben<\/h4>\n<p>Dass der Rauchrohranschluss nur hinten erfolgen kann, schr\u00e4nkt unter Umst\u00e4nden die M\u00f6glichkeiten bei der Installation ein.<\/p>\n<h4>Technische Daten<\/h4>\n<table>\n<tbody>\n<tr>\n<td width=\"302\"><strong>Merkmal<\/strong><\/td>\n<td width=\"302\"><strong>MCZ Ego Air Matic 8 Core R<\/strong><\/td>\n<\/tr>\n<tr>\n<td width=\"302\">Nutzleistung<\/td>\n<td width=\"302\">2,4\u20138 kW<\/td>\n<\/tr>\n<tr>\n<td width=\"302\">Wirkungsgrad<\/td>\n<td width=\"302\">88\u201392,9 %<\/td>\n<\/tr>\n<tr>\n<td width=\"302\">Pelletverbrauch<\/td>\n<td width=\"302\">0,6\u20131,9 kg\/h<\/td>\n<\/tr>\n<tr>\n<td width=\"302\">Pelletbeh\u00e4lter<\/td>\n<td width=\"302\">25 kg<\/td>\n<\/tr>\n<tr>\n<td width=\"302\">Betriebsdauer<\/td>\n<td width=\"302\">13\u201342 h<\/td>\n<\/tr>\n<tr>\n<td width=\"302\">Ma\u00dfe B \u00d7 H \u00d7 T<\/td>\n<td width=\"302\">50 \u00d7 104,3 \u00d7 55 cm<\/td>\n<\/tr>\n<tr>\n<td width=\"302\">Gewicht<\/td>\n<td width=\"302\">130 kg<\/td>\n<\/tr>\n<tr>\n<td width=\"302\">WLAN<\/td>\n<td width=\"302\">serienm\u00e4\u00dfig<\/td>\n<\/tr>\n<tr>\n<td width=\"302\">Rauchrohranschluss<\/td>\n<td width=\"302\">hinten<\/td>\n<\/tr>\n<\/tbody>\n<\/table>\n<p><em>Hinweis: Alle Angaben laut Hersteller. Zum <a href=\"https:\/\/www.ofen.de\/media\/be\/d4\/90\/1748953262\/pdb-mcz-ego-air-matic-8-m3-core.pdf\">Hersteller-Produktdatenblatt<\/a>.<\/em><\/p>\n<h3>Edilkamin Lena 9+ Evo<\/h3>\n<img decoding=\"async\" class=\"alignnone size-full wp-image-688358\" src=\"https:\/\/www.ofen.de\/blog\/wp-content\/uploads\/Blog_BB_Pelletofenvergleich-2026_07.jpg\" alt=\"Pelletofen Edilkamin Lena 9+ Evo\" width=\"1200\" height=\"650\" srcset=\"https:\/\/www.ofen.de\/blog\/wp-content\/uploads\/Blog_BB_Pelletofenvergleich-2026_07.jpg 1200w, https:\/\/www.ofen.de\/blog\/wp-content\/uploads\/Blog_BB_Pelletofenvergleich-2026_07-768x416.jpg 768w\" sizes=\"(max-width: 1200px) 100vw, 1200px\" \/>\n<p>Der <strong>Edilkamin Lena 9+ Evo besitzt sowohl ein Frontgebl\u00e4se als auch einen r\u00fcckseitigen Anschluss zur Warmluftkanalisierung<\/strong>. Damit kann er zus\u00e4tzlich zum Aufstellraum einen weiteren Bereich versorgen.<\/p>\n<p>Mit einer optionalen Raumsonde k\u00f6nnen Sie <strong>Front- und Kanalisierungsgebl\u00e4se getrennt steuern<\/strong>. Integriertes <strong>WLAN<\/strong>, eine <strong>Funkfernbedienung<\/strong>, die Relax-Funktion und ein Pellet-F\u00fcllstandsensor geh\u00f6ren ebenfalls zur Ausstattung. Wenn Sie Ihren Pelletofen pr\u00e4zise steuern und \u00fcberwachen wollen und in mehreren Zimmern heizen m\u00f6chten, ist der Edilkamin Lena 9+ Evo eine ausgezeichnete Wahl.<\/p>\n<h4>St\u00e4rken<\/h4>\n<ul>\n<li>Warmluftkanalisierung<\/li>\n<li>getrennte Gebl\u00e4sesteuerung m\u00f6glich<\/li>\n<li>abschaltbares Frontgebl\u00e4se<\/li>\n<li>WLAN und Funkfernbedienung<\/li>\n<li>Pellet-F\u00fcllstandsensor<\/li>\n<\/ul>\n<h4>Luft nach oben<\/h4>\n<p>F\u00fcr die Kanalisierung sind eine fachgerechte Planung und zus\u00e4tzliches Installationsmaterial erforderlich.<\/p>\n<h4>Technische Daten<\/h4>\n<table>\n<tbody>\n<tr>\n<td width=\"302\"><strong>Merkmal<\/strong><\/td>\n<td width=\"302\"><strong>Edilkamin Lena 9+ Evo<\/strong><\/td>\n<\/tr>\n<tr>\n<td width=\"302\">maximale Nutzleistung<\/td>\n<td width=\"302\">9,2 kW<\/td>\n<\/tr>\n<tr>\n<td width=\"302\">Wirkungsgrad<\/td>\n<td width=\"302\">88,5 %<\/td>\n<\/tr>\n<tr>\n<td width=\"302\">Pelletverbrauch<\/td>\n<td width=\"302\">0,9\u20132,2 kg\/h<\/td>\n<\/tr>\n<tr>\n<td width=\"302\">Pelletbeh\u00e4lter<\/td>\n<td width=\"302\">24 kg<\/td>\n<\/tr>\n<tr>\n<td width=\"302\">Betriebsdauer<\/td>\n<td width=\"302\">11\u201327 h<\/td>\n<\/tr>\n<tr>\n<td width=\"302\">Ma\u00dfe B \u00d7 H \u00d7 T<\/td>\n<td width=\"302\">50 \u00d7 100 \u00d7 49 cm<\/td>\n<\/tr>\n<tr>\n<td width=\"302\">Gewicht<\/td>\n<td width=\"302\">115 kg<\/td>\n<\/tr>\n<tr>\n<td width=\"302\">WLAN<\/td>\n<td width=\"302\">serienm\u00e4\u00dfig<\/td>\n<\/tr>\n<tr>\n<td width=\"302\">Warmluftkanalisierung<\/td>\n<td width=\"302\">vorhanden<\/td>\n<\/tr>\n<\/tbody>\n<\/table>\n<p><em>Hinweis: Alle Angaben laut Hersteller. Zur <a href=\"https:\/\/www.ofen.de\/media\/18\/1f\/e0\/1715118763\/ba-edilkamin-lena-plus.pdf\">Hersteller-Anleitung<\/a>.<\/em><\/p>\n<h3>MCZ Feel Air Matic 12 Core R<\/h3>\n<img decoding=\"async\" class=\"alignnone size-full wp-image-688359\" src=\"https:\/\/www.ofen.de\/blog\/wp-content\/uploads\/Blog_BB_Pelletofenvergleich-2026_08.jpg\" alt=\"MCZ Feel Comfort Air Matic 12 Core R\" width=\"1200\" height=\"650\" srcset=\"https:\/\/www.ofen.de\/blog\/wp-content\/uploads\/Blog_BB_Pelletofenvergleich-2026_08.jpg 1200w, https:\/\/www.ofen.de\/blog\/wp-content\/uploads\/Blog_BB_Pelletofenvergleich-2026_08-768x416.jpg 768w\" sizes=\"(max-width: 1200px) 100vw, 1200px\" \/>\n<p>Der MCZ Feel Air Matic 12 Core R f\u00e4llt vor allem durch seine geringe Bautiefe auf. Damit bietet er sich f\u00fcr Aufstellsituationen an, in denen <strong>wenig Raumtiefe, aber ausreichend Wandfl\u00e4che<\/strong> vorhanden ist.<\/p>\n<p>Zur Ausstattung geh\u00f6ren die effiziente <strong>Core-Technologie<\/strong>, eine <strong>automatische Brennschalenreinigung<\/strong> sowie die <strong>Steuerung Maestro+<\/strong>. Auch WLAN und Bluetooth sind integriert. Wenn Sie einen schlanken Pelletofen mit umfangreichen Komfortfunktionen suchen, ist der MCZ Feel Air Matic 12 Core R die richtige Wahl. Trotz seiner geringen Tiefe integriert das Ger\u00e4t einen <strong>gro\u00dfen Brennstoffvorrat<\/strong> und erm\u00f6glicht somit eine lange Betriebsdauer.<\/p>\n<h4>St\u00e4rken<\/h4>\n<ul>\n<li>geringe Bautiefe<\/li>\n<li>gro\u00dfer Pelletbeh\u00e4lter<\/li>\n<li>hoher Wirkungsgrad<\/li>\n<li>selbstreinigende Brennschale<\/li>\n<li>WLAN und Bluetooth<\/li>\n<\/ul>\n<h4>Luft nach oben<\/h4>\n<p>Die breite Bauform beansprucht viel Wandfl\u00e4che. Aufgrund der vergleichsweise hohen Mindestleistung eignet sich das Modell weniger f\u00fcr kleine R\u00e4ume.<\/p>\n<h4>Technische Daten<\/h4>\n<table>\n<tbody>\n<tr>\n<td width=\"302\"><strong>Merkmal<\/strong><\/td>\n<td width=\"302\"><strong>MCZ Feel Air Matic 12 Core R<\/strong><\/td>\n<\/tr>\n<tr>\n<td width=\"302\">Nutzleistung<\/td>\n<td width=\"302\">5\u201312 kW<\/td>\n<\/tr>\n<tr>\n<td width=\"302\">Wirkungsgrad<\/td>\n<td width=\"302\">90\u201393,8 %<\/td>\n<\/tr>\n<tr>\n<td width=\"302\">Pelletverbrauch<\/td>\n<td width=\"302\">1,1\u20132,7 kg\/h<\/td>\n<\/tr>\n<tr>\n<td width=\"302\">Pelletbeh\u00e4lter<\/td>\n<td width=\"302\">48 l<\/td>\n<\/tr>\n<tr>\n<td width=\"302\">Betriebsdauer<\/td>\n<td width=\"302\">11\u201328 h<\/td>\n<\/tr>\n<tr>\n<td width=\"302\">Ma\u00dfe B \u00d7 H \u00d7 T<\/td>\n<td width=\"302\">90,7 \u00d7 111,4 \u00d7 43,3 cm<\/td>\n<\/tr>\n<tr>\n<td width=\"302\">Gewicht<\/td>\n<td width=\"302\">180 kg<\/td>\n<\/tr>\n<tr>\n<td width=\"302\">WLAN<\/td>\n<td width=\"302\">serienm\u00e4\u00dfig<\/td>\n<\/tr>\n<tr>\n<td width=\"302\">Rauchrohranschluss<\/td>\n<td width=\"302\">hinten (auch mit Anschluss oben erh\u00e4ltlich)<\/td>\n<\/tr>\n<\/tbody>\n<\/table>\n<p><em>Hinweis: Alle Angaben laut Hersteller. Zum <a href=\"https:\/\/www.ofen.de\/media\/7d\/1f\/f9\/1748953394\/pdb-mcz-feel-comfort-air-12-core-r.pdf\">Hersteller-Produktdatenblatt<\/a>.\u00a0<\/em><\/p>\n<h3>Luftf\u00fchrende Pellet\u00f6fen im Vergleich<\/h3>\n<table>\n<tbody>\n<tr>\n<td width=\"116\"><strong>Modell<\/strong><\/td>\n<td colspan=\"2\" width=\"114\"><a href=\"https:\/\/www.ofen.de\/pelletofen-extraflame-klaudia-5-0-evo\">Extraflame Klaudia 5.0 Evo<\/a><\/td>\n<td colspan=\"2\" width=\"114\"><a href=\"https:\/\/www.ofen.de\/pelletofen-mcz-ego-air-matic-8-core-r\">MCZ Ego Air Matic 8 Core R<\/a><\/td>\n<td colspan=\"2\" width=\"114\"><a href=\"https:\/\/www.ofen.de\/pelletofen-edilkamin-lena-plus\">Edilkamin Lena 9+ Evo Stahl<\/a><\/td>\n<td width=\"147\"><a href=\"https:\/\/www.ofen.de\/pelletofen-mcz-feel-comfort-air-matic-12-core-r-12-kw\">MCZ Feel Air Matic 12 Core R<\/a><\/td>\n<\/tr>\n<tr>\n<td width=\"116\"><strong>Nutzleistung<\/strong><\/td>\n<td colspan=\"2\" width=\"114\">3\u20138 kW<\/td>\n<td colspan=\"2\" width=\"114\">2,4\u20138 kW<\/td>\n<td colspan=\"2\" width=\"114\">bis 9,2 kW<\/td>\n<td width=\"147\">5\u201312 kW<\/td>\n<\/tr>\n<tr>\n<td width=\"116\"><strong>Wirkungsgrad<\/strong><\/td>\n<td colspan=\"2\" width=\"114\">92 %<\/td>\n<td colspan=\"2\" width=\"114\">88\u201392,9 %<\/td>\n<td colspan=\"2\" width=\"114\">88,5 %<\/td>\n<td width=\"147\">90\u201393,8 %<\/td>\n<\/tr>\n<tr>\n<td width=\"116\"><strong>Pelletbeh\u00e4lter<\/strong><\/td>\n<td colspan=\"2\" width=\"114\">15 kg<\/td>\n<td colspan=\"2\" width=\"114\">25 kg<\/td>\n<td colspan=\"2\" width=\"114\">24 kg<\/td>\n<td width=\"147\">48 l<\/td>\n<\/tr>\n<tr>\n<td width=\"116\"><strong>Pelletverbrauch<\/strong><\/td>\n<td colspan=\"2\" width=\"114\">0,7\u20131,8 kg\/h<\/td>\n<td colspan=\"2\" width=\"114\">0,6\u20131,9 kg\/h<\/td>\n<td colspan=\"2\" width=\"114\">0,9\u20132,2 kg\/h<\/td>\n<td width=\"147\">1,1\u20132,7 kg\/h<\/td>\n<\/tr>\n<tr>\n<td width=\"116\"><strong>WLAN<\/strong><\/td>\n<td colspan=\"2\" width=\"114\">nicht ausgewiesen<\/td>\n<td colspan=\"2\" width=\"114\">serienm\u00e4\u00dfig<\/td>\n<td colspan=\"2\" width=\"114\">serienm\u00e4\u00dfig<\/td>\n<td width=\"147\">serienm\u00e4\u00dfig<\/td>\n<\/tr>\n<tr>\n<td width=\"116\"><strong>Besonderheit<\/strong><\/td>\n<td colspan=\"2\" width=\"114\">klassischer Raumheizer<\/td>\n<td colspan=\"2\" width=\"114\">niedrige Mindestleistung<\/td>\n<td colspan=\"2\" width=\"114\">kanalisierbar<\/td>\n<td width=\"147\">geringe Bautiefe<\/td>\n<\/tr>\n<tr>\n<td colspan=\"2\" width=\"117\"><strong>UVP*<\/strong><\/td>\n<td colspan=\"2\" width=\"113\">ca. 2.700 \u20ac<\/td>\n<td colspan=\"2\" width=\"113\">ca. 3.900 \u20ac<\/td>\n<td width=\"114\">ca. 3.800 \u20ac<\/td>\n<td width=\"147\">ca. 5.100 \u20ac<\/td>\n<\/tr>\n<tr>\n<td width=\"111\"><\/td>\n<td width=\"2\"><\/td>\n<td width=\"89\"><\/td>\n<td width=\"1\"><\/td>\n<td width=\"110\"><\/td>\n<td width=\"1\"><\/td>\n<td width=\"91\"><\/td>\n<td width=\"88\"><\/td>\n<\/tr>\n<\/tbody>\n<\/table>\n<p><em>Hinweis: Alle Angaben laut Hersteller.<\/em><br \/>\n<em><strong>*<\/strong> Bei den Angaben handelt es sich um Hersteller-UVP, die sich \u00e4ndern k\u00f6nnen. Auch die Preise in unserem Shop k\u00f6nnen deutlich g\u00fcnstiger ausfallen.<\/em><\/p>\n<h2><a name=\"_Toc238565996\"><\/a>Pelletofen-Vergleich unser Vergleichsfazit: Welcher Pelletofen ist zu empfehlen?<\/h2>\n<img decoding=\"async\" class=\"alignnone size-full wp-image-688371\" src=\"https:\/\/www.ofen.de\/blog\/wp-content\/uploads\/Blog_BB_Pelletofenvergleich-2026_A.jpg\" alt=\"verschiedene Pellet\u00f6fen mehrerer Marken\" width=\"1200\" height=\"650\" srcset=\"https:\/\/www.ofen.de\/blog\/wp-content\/uploads\/Blog_BB_Pelletofenvergleich-2026_A.jpg 1200w, https:\/\/www.ofen.de\/blog\/wp-content\/uploads\/Blog_BB_Pelletofenvergleich-2026_A-768x416.jpg 768w\" sizes=\"(max-width: 1200px) 100vw, 1200px\" \/>\n<p>Welche Pelletofen-Bauweise zu Ihnen passt, richtet sich vor allem nach dem Einsatzzweck. <strong>Luftf\u00fchrende Pellet\u00f6fen<\/strong> erw\u00e4rmen in erster Linie den Aufstellraum. Soll die W\u00e4rme hingegen \u00fcber Heizk\u00f6rper oder eine Fu\u00dfbodenheizung im Haus verteilt werden, kommt ein <strong>wasserf\u00fchrendes Modell<\/strong> infrage.<\/p>\n<p>Eine besonders gro\u00dfe Wasserleistung im Verh\u00e4ltnis zur Gesamtleistung erhalten Sie beim <strong>Edilkamin Milla H 15 Evo<\/strong>. Der <strong>Extraflame Costanza Idro 5.0<\/strong> gibt mehr W\u00e4rme direkt an den Raum ab, w\u00e4hrend der <strong>MCZ Suite Hydro Matic 18 R<\/strong> eine beachtliche Leistung mit automatischer Reinigung verbindet. Der <strong>Cadel River Idrotech 18 <\/strong>zeichnet sich vor allem durch ein hohes Ma\u00df an Bedienkomfort aus.<\/p>\n<p>Unter den luftf\u00fchrenden Ger\u00e4ten erweist sich der <strong>MCZ Ego Air Matic 8 Core R<\/strong> als besonders vielseitig. Eine solide Basisausstattung zeichnet den <strong>Extraflame Klaudia 5.0 Evo<\/strong> aus. Der kanalisierbare <strong>Edilkamin Lena 9+ Evo<\/strong> kann zus\u00e4tzlich einen zweiten Wohnbereich mit Warmluft versorgen. Bei geringer verf\u00fcgbarer Raumtiefe und ausreichend breiter Wandfl\u00e4che bietet sich der flache <strong>MCZ Feel Air Matic 10 Core R<\/strong> an.<\/p>\n<p><strong>Ma\u00dfgeblich f\u00fcr die Auswahl sind die berechnete Heizlast, die W\u00e4rmeabgabe an den Aufstellraum sowie die Eignung von Schornstein und Rauchrohrf\u00fchrung<\/strong>. Wasserf\u00fchrende Ger\u00e4te m\u00fcssen dar\u00fcber hinaus auf Pufferspeicher, Heizfl\u00e4chen und Hydraulik abgestimmt werden. Eine gemeinsame Planung mit einem Fachbetrieb und Ihrem Schornsteinfeger schafft Sicherheit und verhindert die Wahl eines ungeeigneten Ofens.<\/p>\n<p>Sie m\u00f6chten einen <a href=\"https:\/\/www.ofen.de\/pelletofen\">Pelletofen kaufen<\/a>? Alle verglichenen Modelle und viele weitere finden Sie in unserer Pelletofen-Kategorie.<strong> Unser Pelletofen-Vergleich kann Ihnen nur einen ersten \u00dcberblick vermitteln:<\/strong> <a href=\"https:\/\/www.ofen.de\/kostenloser-beratungstermin-mit-den-ofen.de-experten\">Kontaktieren Sie unsere Fachberatung<\/a>, um den perfekten Pelletofen f\u00fcr Ihre Zwecke zu finden!<\/p>\n","protected":false},"excerpt":{"rendered":"<p>Pellet\u00f6fen sind in Deutschland weiterhin eine beliebte Heizungsalternative \u2013 allein 2025 verzeichnete der Deutsche Energieholz- und Pellet-Verband e. V. (DEPV) einen Zuwachs von 14 Prozent beim Verkauf von Pelletfeuerungen. Doch was leisten aktuelle Modelle beliebter Hersteller und worin unterscheiden sie sich? In unserem gro\u00dfen Pelletofen-Vergleich nehmen wir sowohl wasserf\u00fchrende als auch luftf\u00fchrende Pellet\u00f6fen \u2013 f\u00fcr&#8230;<\/p>\n","protected":false},"author":11,"featured_media":688363,"comment_status":"closed","ping_status":"open","sticky":false,"template":"","format":"standard","meta":{"_acf_changed":false,"wprm-recipe-roundup-name":"","wprm-recipe-roundup-description":"","ngg_post_thumbnail":0,"footnotes":""},"categories":[29],"tags":[16,53,50,872,874,873,9,871],"class_list":["post-688347","post","type-post","status-publish","format-standard","has-post-thumbnail","hentry","category-produkte","tag-heizen","tag-kaufberatung","tag-pelletofen","tag-pelletofen-im-vergleich","tag-pelletofen-hersteller-marktfuehrer","tag-pelletofen-hersteller-vergleich","tag-waerme","tag-wasserfuehrender-pelletofen-vergleich"],"yoast_head":"<!-- This site is optimized with the Yoast SEO plugin v26.8 - https:\/\/yoast.com\/product\/yoast-seo-wordpress\/ -->\n<title>Pelletofen-Vergleich 2026: 8 Modelle im \u00dcberblick | Ofen.de<\/title>\n<meta name=\"description\" content=\"Pelletofen-Vergleich 2026 \u2714Wasserf\u00fchrende &amp; luftf\u00fchrende Modelle \u2714Technische Daten \u2714Empfehlungen \u25baJetzt Pelletofen finden!\" \/>\n<meta name=\"robots\" content=\"index, follow, max-snippet:-1, max-image-preview:large, max-video-preview:-1\" \/>\n<link rel=\"canonical\" href=\"https:\/\/www.ofen.de\/blog\/pelletofen-vergleich.html\" \/>\n<meta property=\"og:locale\" content=\"de_DE\" \/>\n<meta property=\"og:type\" content=\"article\" \/>\n<meta property=\"og:title\" content=\"Pelletofen-Vergleich 2026: 8 Modelle im \u00dcberblick | Ofen.de\" \/>\n<meta property=\"og:description\" content=\"Pelletofen-Vergleich 2026 \u2714Wasserf\u00fchrende &amp; luftf\u00fchrende Modelle \u2714Technische Daten \u2714Empfehlungen \u25baJetzt Pelletofen finden!\" \/>\n<meta property=\"og:url\" content=\"https:\/\/www.ofen.de\/blog\/pelletofen-vergleich.html\" \/>\n<meta property=\"og:site_name\" content=\"Ofen- &amp; Grillmagazin \u2013 Feuer &amp; mehr - ofen.de\" \/>\n<meta property=\"article:publisher\" content=\"https:\/\/www.facebook.com\/AA.Kaminwelt\" \/>\n<meta property=\"article:published_time\" content=\"2026-08-27T12:16:45+00:00\" \/>\n<meta property=\"article:modified_time\" content=\"2026-08-31T08:12:01+00:00\" \/>\n<meta property=\"og:image\" content=\"https:\/\/www.ofen.de\/blog\/wp-content\/uploads\/TB_Pelletofenvergleich_2026.jpg\" \/>\n\t<meta property=\"og:image:width\" content=\"1215\" \/>\n\t<meta property=\"og:image:height\" content=\"810\" \/>\n\t<meta property=\"og:image:type\" content=\"image\/jpeg\" \/>\n<meta name=\"author\" content=\"Aileen Meinicke\" \/>\n<meta name=\"twitter:label1\" content=\"Verfasst von\" \/>\n\t<meta name=\"twitter:data1\" content=\"Aileen Meinicke\" \/>\n\t<meta name=\"twitter:label2\" content=\"Gesch\u00e4tzte Lesezeit\" \/>\n\t<meta name=\"twitter:data2\" content=\"12\u00a0Minuten\" \/>\n<script type=\"application\/ld+json\" class=\"yoast-schema-graph\">{\"@context\":\"https:\/\/schema.org\",\"@graph\":[{\"@type\":\"Article\",\"@id\":\"https:\/\/www.ofen.de\/blog\/pelletofen-vergleich.html#article\",\"isPartOf\":{\"@id\":\"https:\/\/www.ofen.de\/blog\/pelletofen-vergleich.html\"},\"author\":{\"name\":\"Aileen Meinicke\",\"@id\":\"https:\/\/www.ofen.de\/blog\/#\/schema\/person\/7d30c62a549ce3bb9c7d8af0225fcd7a\"},\"headline\":\"Pelletofen-Vergleich 2026: 8 wasser- und luftf\u00fchrende Modelle unter der Lupe\",\"datePublished\":\"2026-08-27T12:16:45+00:00\",\"dateModified\":\"2026-08-31T08:12:01+00:00\",\"mainEntityOfPage\":{\"@id\":\"https:\/\/www.ofen.de\/blog\/pelletofen-vergleich.html\"},\"wordCount\":2460,\"publisher\":{\"@id\":\"https:\/\/www.ofen.de\/blog\/#organization\"},\"image\":{\"@id\":\"https:\/\/www.ofen.de\/blog\/pelletofen-vergleich.html#primaryimage\"},\"thumbnailUrl\":\"https:\/\/www.ofen.de\/blog\/wp-content\/uploads\/TB_Pelletofenvergleich_2026.jpg\",\"keywords\":[\"Heizen\",\"Kaufberatung\",\"Pelletofen\",\"Pelletofen im Vergleich\",\"Pelletofen-Hersteller Marktf\u00fchrer\",\"Pelletofen-Hersteller Vergleich\",\"W\u00e4rme\",\"wasserf\u00fchrender Pelletofen Vergleich\"],\"articleSection\":[\"Produkte &amp; Tests\"],\"inLanguage\":\"de\"},{\"@type\":\"WebPage\",\"@id\":\"https:\/\/www.ofen.de\/blog\/pelletofen-vergleich.html\",\"url\":\"https:\/\/www.ofen.de\/blog\/pelletofen-vergleich.html\",\"name\":\"Pelletofen-Vergleich 2026: 8 Modelle im \u00dcberblick | Ofen.de\",\"isPartOf\":{\"@id\":\"https:\/\/www.ofen.de\/blog\/#website\"},\"primaryImageOfPage\":{\"@id\":\"https:\/\/www.ofen.de\/blog\/pelletofen-vergleich.html#primaryimage\"},\"image\":{\"@id\":\"https:\/\/www.ofen.de\/blog\/pelletofen-vergleich.html#primaryimage\"},\"thumbnailUrl\":\"https:\/\/www.ofen.de\/blog\/wp-content\/uploads\/TB_Pelletofenvergleich_2026.jpg\",\"datePublished\":\"2026-08-27T12:16:45+00:00\",\"dateModified\":\"2026-08-31T08:12:01+00:00\",\"description\":\"Pelletofen-Vergleich 2026 \u2714Wasserf\u00fchrende & luftf\u00fchrende Modelle \u2714Technische Daten \u2714Empfehlungen \u25baJetzt Pelletofen finden!\",\"breadcrumb\":{\"@id\":\"https:\/\/www.ofen.de\/blog\/pelletofen-vergleich.html#breadcrumb\"},\"inLanguage\":\"de\",\"potentialAction\":[{\"@type\":\"ReadAction\",\"target\":[\"https:\/\/www.ofen.de\/blog\/pelletofen-vergleich.html\"]}]},{\"@type\":\"ImageObject\",\"inLanguage\":\"de\",\"@id\":\"https:\/\/www.ofen.de\/blog\/pelletofen-vergleich.html#primaryimage\",\"url\":\"https:\/\/www.ofen.de\/blog\/wp-content\/uploads\/TB_Pelletofenvergleich_2026.jpg\",\"contentUrl\":\"https:\/\/www.ofen.de\/blog\/wp-content\/uploads\/TB_Pelletofenvergleich_2026.jpg\",\"width\":1215,\"height\":810,\"caption\":\"Pelletofen-Vergleich 2026\"},{\"@type\":\"BreadcrumbList\",\"@id\":\"https:\/\/www.ofen.de\/blog\/pelletofen-vergleich.html#breadcrumb\",\"itemListElement\":[{\"@type\":\"ListItem\",\"position\":1,\"name\":\"Startseite\",\"item\":\"https:\/\/www.ofen.de\/blog\/\"},{\"@type\":\"ListItem\",\"position\":2,\"name\":\"Produkte &amp; Tests\",\"item\":\"https:\/\/www.ofen.de\/blog\/produkte\"},{\"@type\":\"ListItem\",\"position\":3,\"name\":\"Pelletofen-Vergleich 2026: 8 wasser- und luftf\u00fchrende Modelle unter der Lupe\"}]},{\"@type\":\"WebSite\",\"@id\":\"https:\/\/www.ofen.de\/blog\/#website\",\"url\":\"https:\/\/www.ofen.de\/blog\/\",\"name\":\"Ofen- &amp; Grillmagazin \u2013 Feuer &amp; mehr - ofen.de\",\"description\":\"Erleben Sie mit dem Ofen- &amp; Grillmagazin die Welt des Feuers. \u25b6 Feuer neu erleben mit dem ofen.de-Blog!\",\"publisher\":{\"@id\":\"https:\/\/www.ofen.de\/blog\/#organization\"},\"potentialAction\":[{\"@type\":\"SearchAction\",\"target\":{\"@type\":\"EntryPoint\",\"urlTemplate\":\"https:\/\/www.ofen.de\/blog\/?s={search_term_string}\"},\"query-input\":{\"@type\":\"PropertyValueSpecification\",\"valueRequired\":true,\"valueName\":\"search_term_string\"}}],\"inLanguage\":\"de\"},{\"@type\":\"Organization\",\"@id\":\"https:\/\/www.ofen.de\/blog\/#organization\",\"name\":\"ofen.de\",\"url\":\"https:\/\/www.ofen.de\/blog\/\",\"logo\":{\"@type\":\"ImageObject\",\"inLanguage\":\"de\",\"@id\":\"https:\/\/www.ofen.de\/blog\/#\/schema\/logo\/image\/\",\"url\":\"https:\/\/www.ofen.de\/blog\/wp-content\/uploads\/Ofen-de-Logo-Shop-neu58355909753b3.png\",\"contentUrl\":\"https:\/\/www.ofen.de\/blog\/wp-content\/uploads\/Ofen-de-Logo-Shop-neu58355909753b3.png\",\"width\":315,\"height\":89,\"caption\":\"ofen.de\"},\"image\":{\"@id\":\"https:\/\/www.ofen.de\/blog\/#\/schema\/logo\/image\/\"},\"sameAs\":[\"https:\/\/www.facebook.com\/AA.Kaminwelt\",\"https:\/\/www.instagram.com\/ofen.de_feuer_neu_erleben\/\",\"https:\/\/www.pinterest.de\/ofende\/\"]},{\"@type\":\"Person\",\"@id\":\"https:\/\/www.ofen.de\/blog\/#\/schema\/person\/7d30c62a549ce3bb9c7d8af0225fcd7a\",\"name\":\"Aileen Meinicke\",\"image\":{\"@type\":\"ImageObject\",\"inLanguage\":\"de\",\"@id\":\"https:\/\/www.ofen.de\/blog\/#\/schema\/person\/image\/\",\"url\":\"https:\/\/secure.gravatar.com\/avatar\/ca220f98384738ae4a3a0a2fc4c15f84a71379d4925612c8f1d5ec84b10898fa?s=96&d=mm&r=g\",\"contentUrl\":\"https:\/\/secure.gravatar.com\/avatar\/ca220f98384738ae4a3a0a2fc4c15f84a71379d4925612c8f1d5ec84b10898fa?s=96&d=mm&r=g\",\"caption\":\"Aileen Meinicke\"},\"url\":\"https:\/\/www.ofen.de\/blog\/author\/aileen-meinicke\"}]}<\/script>\n<!-- \/ Yoast SEO plugin. -->","yoast_head_json":{"title":"Pelletofen-Vergleich 2026: 8 Modelle im \u00dcberblick | Ofen.de","description":"Pelletofen-Vergleich 2026 \u2714Wasserf\u00fchrende & luftf\u00fchrende Modelle \u2714Technische Daten \u2714Empfehlungen \u25baJetzt Pelletofen finden!","robots":{"index":"index","follow":"follow","max-snippet":"max-snippet:-1","max-image-preview":"max-image-preview:large","max-video-preview":"max-video-preview:-1"},"canonical":"https:\/\/www.ofen.de\/blog\/pelletofen-vergleich.html","og_locale":"de_DE","og_type":"article","og_title":"Pelletofen-Vergleich 2026: 8 Modelle im \u00dcberblick | Ofen.de","og_description":"Pelletofen-Vergleich 2026 \u2714Wasserf\u00fchrende & luftf\u00fchrende Modelle \u2714Technische Daten \u2714Empfehlungen \u25baJetzt Pelletofen finden!","og_url":"https:\/\/www.ofen.de\/blog\/pelletofen-vergleich.html","og_site_name":"Ofen- &amp; Grillmagazin \u2013 Feuer &amp; mehr - ofen.de","article_publisher":"https:\/\/www.facebook.com\/AA.Kaminwelt","article_published_time":"2026-08-27T12:16:45+00:00","article_modified_time":"2026-08-31T08:12:01+00:00","og_image":[{"width":1215,"height":810,"url":"https:\/\/www.ofen.de\/blog\/wp-content\/uploads\/TB_Pelletofenvergleich_2026.jpg","type":"image\/jpeg"}],"author":"Aileen Meinicke","twitter_misc":{"Verfasst von":"Aileen Meinicke","Gesch\u00e4tzte Lesezeit":"12\u00a0Minuten"},"schema":{"@context":"https:\/\/schema.org","@graph":[{"@type":"Article","@id":"https:\/\/www.ofen.de\/blog\/pelletofen-vergleich.html#article","isPartOf":{"@id":"https:\/\/www.ofen.de\/blog\/pelletofen-vergleich.html"},"author":{"name":"Aileen Meinicke","@id":"https:\/\/www.ofen.de\/blog\/#\/schema\/person\/7d30c62a549ce3bb9c7d8af0225fcd7a"},"headline":"Pelletofen-Vergleich 2026: 8 wasser- und luftf\u00fchrende Modelle unter der Lupe","datePublished":"2026-08-27T12:16:45+00:00","dateModified":"2026-08-31T08:12:01+00:00","mainEntityOfPage":{"@id":"https:\/\/www.ofen.de\/blog\/pelletofen-vergleich.html"},"wordCount":2460,"publisher":{"@id":"https:\/\/www.ofen.de\/blog\/#organization"},"image":{"@id":"https:\/\/www.ofen.de\/blog\/pelletofen-vergleich.html#primaryimage"},"thumbnailUrl":"https:\/\/www.ofen.de\/blog\/wp-content\/uploads\/TB_Pelletofenvergleich_2026.jpg","keywords":["Heizen","Kaufberatung","Pelletofen","Pelletofen im Vergleich","Pelletofen-Hersteller Marktf\u00fchrer","Pelletofen-Hersteller Vergleich","W\u00e4rme","wasserf\u00fchrender Pelletofen Vergleich"],"articleSection":["Produkte &amp; Tests"],"inLanguage":"de"},{"@type":"WebPage","@id":"https:\/\/www.ofen.de\/blog\/pelletofen-vergleich.html","url":"https:\/\/www.ofen.de\/blog\/pelletofen-vergleich.html","name":"Pelletofen-Vergleich 2026: 8 Modelle im \u00dcberblick | Ofen.de","isPartOf":{"@id":"https:\/\/www.ofen.de\/blog\/#website"},"primaryImageOfPage":{"@id":"https:\/\/www.ofen.de\/blog\/pelletofen-vergleich.html#primaryimage"},"image":{"@id":"https:\/\/www.ofen.de\/blog\/pelletofen-vergleich.html#primaryimage"},"thumbnailUrl":"https:\/\/www.ofen.de\/blog\/wp-content\/uploads\/TB_Pelletofenvergleich_2026.jpg","datePublished":"2026-08-27T12:16:45+00:00","dateModified":"2026-08-31T08:12:01+00:00","description":"Pelletofen-Vergleich 2026 \u2714Wasserf\u00fchrende & luftf\u00fchrende Modelle \u2714Technische Daten \u2714Empfehlungen \u25baJetzt Pelletofen finden!","breadcrumb":{"@id":"https:\/\/www.ofen.de\/blog\/pelletofen-vergleich.html#breadcrumb"},"inLanguage":"de","potentialAction":[{"@type":"ReadAction","target":["https:\/\/www.ofen.de\/blog\/pelletofen-vergleich.html"]}]},{"@type":"ImageObject","inLanguage":"de","@id":"https:\/\/www.ofen.de\/blog\/pelletofen-vergleich.html#primaryimage","url":"https:\/\/www.ofen.de\/blog\/wp-content\/uploads\/TB_Pelletofenvergleich_2026.jpg","contentUrl":"https:\/\/www.ofen.de\/blog\/wp-content\/uploads\/TB_Pelletofenvergleich_2026.jpg","width":1215,"height":810,"caption":"Pelletofen-Vergleich 2026"},{"@type":"BreadcrumbList","@id":"https:\/\/www.ofen.de\/blog\/pelletofen-vergleich.html#breadcrumb","itemListElement":[{"@type":"ListItem","position":1,"name":"Startseite","item":"https:\/\/www.ofen.de\/blog\/"},{"@type":"ListItem","position":2,"name":"Produkte &amp; Tests","item":"https:\/\/www.ofen.de\/blog\/produkte"},{"@type":"ListItem","position":3,"name":"Pelletofen-Vergleich 2026: 8 wasser- und luftf\u00fchrende Modelle unter der Lupe"}]},{"@type":"WebSite","@id":"https:\/\/www.ofen.de\/blog\/#website","url":"https:\/\/www.ofen.de\/blog\/","name":"Ofen- &amp; Grillmagazin \u2013 Feuer &amp; mehr - ofen.de","description":"Erleben Sie mit dem Ofen- &amp; Grillmagazin die Welt des Feuers. \u25b6 Feuer neu erleben mit dem ofen.de-Blog!","publisher":{"@id":"https:\/\/www.ofen.de\/blog\/#organization"},"potentialAction":[{"@type":"SearchAction","target":{"@type":"EntryPoint","urlTemplate":"https:\/\/www.ofen.de\/blog\/?s={search_term_string}"},"query-input":{"@type":"PropertyValueSpecification","valueRequired":true,"valueName":"search_term_string"}}],"inLanguage":"de"},{"@type":"Organization","@id":"https:\/\/www.ofen.de\/blog\/#organization","name":"ofen.de","url":"https:\/\/www.ofen.de\/blog\/","logo":{"@type":"ImageObject","inLanguage":"de","@id":"https:\/\/www.ofen.de\/blog\/#\/schema\/logo\/image\/","url":"https:\/\/www.ofen.de\/blog\/wp-content\/uploads\/Ofen-de-Logo-Shop-neu58355909753b3.png","contentUrl":"https:\/\/www.ofen.de\/blog\/wp-content\/uploads\/Ofen-de-Logo-Shop-neu58355909753b3.png","width":315,"height":89,"caption":"ofen.de"},"image":{"@id":"https:\/\/www.ofen.de\/blog\/#\/schema\/logo\/image\/"},"sameAs":["https:\/\/www.facebook.com\/AA.Kaminwelt","https:\/\/www.instagram.com\/ofen.de_feuer_neu_erleben\/","https:\/\/www.pinterest.de\/ofende\/"]},{"@type":"Person","@id":"https:\/\/www.ofen.de\/blog\/#\/schema\/person\/7d30c62a549ce3bb9c7d8af0225fcd7a","name":"Aileen Meinicke","image":{"@type":"ImageObject","inLanguage":"de","@id":"https:\/\/www.ofen.de\/blog\/#\/schema\/person\/image\/","url":"https:\/\/secure.gravatar.com\/avatar\/ca220f98384738ae4a3a0a2fc4c15f84a71379d4925612c8f1d5ec84b10898fa?s=96&d=mm&r=g","contentUrl":"https:\/\/secure.gravatar.com\/avatar\/ca220f98384738ae4a3a0a2fc4c15f84a71379d4925612c8f1d5ec84b10898fa?s=96&d=mm&r=g","caption":"Aileen Meinicke"},"url":"https:\/\/www.ofen.de\/blog\/author\/aileen-meinicke"}]}},"acf":[],"_links":{"self":[{"href":"https:\/\/www.ofen.de\/blog\/wp-json\/wp\/v2\/posts\/688347","targetHints":{"allow":["GET"]}}],"collection":[{"href":"https:\/\/www.ofen.de\/blog\/wp-json\/wp\/v2\/posts"}],"about":[{"href":"https:\/\/www.ofen.de\/blog\/wp-json\/wp\/v2\/types\/post"}],"author":[{"embeddable":true,"href":"https:\/\/www.ofen.de\/blog\/wp-json\/wp\/v2\/users\/11"}],"replies":[{"embeddable":true,"href":"https:\/\/www.ofen.de\/blog\/wp-json\/wp\/v2\/comments?post=688347"}],"version-history":[{"count":19,"href":"https:\/\/www.ofen.de\/blog\/wp-json\/wp\/v2\/posts\/688347\/revisions"}],"predecessor-version":[{"id":688379,"href":"https:\/\/www.ofen.de\/blog\/wp-json\/wp\/v2\/posts\/688347\/revisions\/688379"}],"wp:featuredmedia":[{"embeddable":true,"href":"https:\/\/www.ofen.de\/blog\/wp-json\/wp\/v2\/media\/688363"}],"wp:attachment":[{"href":"https:\/\/www.ofen.de\/blog\/wp-json\/wp\/v2\/media?parent=688347"}],"wp:term":[{"taxonomy":"category","embeddable":true,"href":"https:\/\/www.ofen.de\/blog\/wp-json\/wp\/v2\/categories?post=688347"},{"taxonomy":"post_tag","embeddable":true,"href":"https:\/\/www.ofen.de\/blog\/wp-json\/wp\/v2\/tags?post=688347"}],"curies":[{"name":"wp","href":"https:\/\/api.w.org\/{rel}","templated":true}]}}